{"id":7177,"date":"2026-01-15T06:28:20","date_gmt":"2026-01-15T05:28:20","guid":{"rendered":"https:\/\/www.kovasztunder.hu\/?p=7177"},"modified":"2026-01-15T07:14:58","modified_gmt":"2026-01-15T06:14:58","slug":"create-your-own-stories-with-covastunder-stickers","status":"publish","type":"post","link":"https:\/\/www.kovasztunder.hu\/en\/create-your-own-stories-with-covastunder-stickers","title":{"rendered":"The Sausage Fairy stickers have arrived! Make your stories even more unique!"},"content":{"rendered":"<p>Hello, Dear Mountaineers!<\/p>\n\n\n\n<p>It's always a great pleasure when you tag me on Instagram or Facebook and I see the wonderful breads, cakes and pastries that come out of your hands based on my recipes. That's when I really feel that this is a true community! \u2764\ufe0f<\/p>\n\n\n\n<p>I have long wished that we could make these moments more personal. If you could add to your pride a little \"magic\" that connects us.<br><strong>I am happy to announce: the official Sourdough Fairy stickers and GIFs are ready! \ud83c\udf5e\u2728<\/strong><\/p>\n\n\n\n<p>From now on, if you make an Instagram Story (or TikTok video) of your freshly baked goodies, you can now add my unique moving stickers to them! They include steamed bread, my logo, and of course my favorite motifs.<\/p>\n\n\n\n<p><strong>How do you find them?<\/strong><br>It's super simple, just follow these 3 steps:<br>Take a photo or video of your baking on Instagram Story.<br>Click above&nbsp;<strong>Sticker for icon<\/strong>&nbsp;(the smiling head) and select the&nbsp;<strong>GIF<\/strong>&nbsp;Opportunities.<br>Type it into the search box:&nbsp;<strong>covastunder<\/strong><br>And there are the moving stickers! Pick your favourite, resize it and put it on the photo!<br><\/p>\n\n\n<div class=\"wp-block-image\">\n<figure class=\"aligncenter size-large is-resized\"><img decoding=\"async\" width=\"1024\" height=\"858\" src=\"https:\/\/www.kovasztunder.hu\/wp-content\/uploads\/2026\/01\/kovasztunder-2-1024x858.jpg\" alt=\"\" class=\"wp-image-7182\" style=\"aspect-ratio:1.193494539037535;width:582px;height:auto\" srcset=\"https:\/\/www.kovasztunder.hu\/wp-content\/uploads\/2026\/01\/kovasztunder-2-1024x858.jpg 1024w, https:\/\/www.kovasztunder.hu\/wp-content\/uploads\/2026\/01\/kovasztunder-2-300x252.jpg 300w, https:\/\/www.kovasztunder.hu\/wp-content\/uploads\/2026\/01\/kovasztunder-2-768x644.jpg 768w, https:\/\/www.kovasztunder.hu\/wp-content\/uploads\/2026\/01\/kovasztunder-2-14x12.jpg 14w, https:\/\/www.kovasztunder.hu\/wp-content\/uploads\/2026\/01\/kovasztunder-2-1440x1207.jpg 1440w, https:\/\/www.kovasztunder.hu\/wp-content\/uploads\/2026\/01\/kovasztunder-2-1200x1006.jpg 1200w, https:\/\/www.kovasztunder.hu\/wp-content\/uploads\/2026\/01\/kovasztunder-2-780x654.jpg 780w, https:\/\/www.kovasztunder.hu\/wp-content\/uploads\/2026\/01\/kovasztunder-2-600x503.jpg 600w, https:\/\/www.kovasztunder.hu\/wp-content\/uploads\/2026\/01\/kovasztunder-2-550x461.jpg 550w, https:\/\/www.kovasztunder.hu\/wp-content\/uploads\/2026\/01\/kovasztunder-2-370x310.jpg 370w, https:\/\/www.kovasztunder.hu\/wp-content\/uploads\/2026\/01\/kovasztunder-2-255x214.jpg 255w, https:\/\/www.kovasztunder.hu\/wp-content\/uploads\/2026\/01\/kovasztunder-2.jpg 1528w\" sizes=\"(max-width: 1024px) 100vw, 1024px\" \/><\/figure>\n<\/div>\n\n\n<p><strong>\ud83c\udfae GAME and CALL!<\/strong><br>I would love to see how you use them! Anyone who uses one of the stickers in their next bake and tags me (<strong>@kovasztunder<\/strong>), its story&nbsp;<strong>I will share it on my own page!<\/strong><br>Go ahead, let the stickering begin! I can't wait to see your creations!<\/p>\n\n\n\n<p><strong>\ud83d\udc40 Can you see them all in one place?<\/strong><\/p>\n\n\n\n<p>If you want to see the full collection or download them to send them to your baking friends via Messenger or Viber, click on my official GIPHY page:<\/p>\n\n\n\n<p>\ud83d\udc49\u00a0<strong><a href=\"https:\/\/giphy.com\/KovaszTunder\" target=\"_blank\" rel=\"noreferrer noopener\">Click here for the full sticker collection!<\/a><\/strong>\u00a0<em>(<a href=\"https:\/\/giphy.com\/KovaszTunder\" target=\"_blank\" rel=\"noreferrer noopener\">https:\/\/giphy.com\/KovaszTunder<\/a>)<\/em><\/p>\n\n\n\n<p>You can see them all here in one place, and I'll keep uploading new ones here!<\/p>\n\n\n\n<p>With love: bianka&nbsp;<em>The Cottage Fairy<\/em><\/p>","protected":false},"excerpt":{"rendered":"<p>Hello, Dear Mountaineers! It's always a great pleasure for me when you tag me on Instagram or Facebook and I see what wonderful breads, scones and pastries come out of your hands based on my recipes. That's when I really feel that this is a true community! \u2764\ufe0f I have long wished we could make these moments more personal. If you could add to your pride a ...<\/p>","protected":false},"author":2,"featured_media":7178,"comment_status":"open","ping_status":"closed","sticky":false,"template":"","format":"standard","meta":{"wprm-recipe-roundup-name":"","wprm-recipe-roundup-description":"","loftocean_post_format_gallery":"","loftocean_post_format_gallery_ids":"","loftocean_post_format_gallery_urls":"","loftocean_post_format_video_id":0,"loftocean_post_format_video_url":"","loftocean_post_format_video_type":"","loftocean_post_format_video":"","loftocean_post_format_audio_type":"","loftocean_post_format_audio_url":"","loftocean_post_format_audio_id":0,"loftocean_post_format_audio":"","loftocean-featured-post":"","loftocean-like-count":1,"loftocean-view-count":292,"tinysalt_single_post_intro_label":"","tinysalt_single_post_intro_description":"","tinysalt_hide_post_featured_image":"","tinysalt_post_featured_media_position":"","tinysalt_single_site_header_source":"","tinysalt_single_custom_site_header":"0","tinysalt_single_custom_sticky_site_header":"0","tinysalt_single_custom_sticky_site_header_style":"sticky-scroll-up","tinysalt_single_site_footer_source":"","tinysalt_single_custom_site_footer":"0","footnotes":""},"categories":[328],"tags":[794,457,458,796,792,192,256,255,795,799,798,797,198,793],"class_list":["post-7177","post","type-post","status-publish","format-standard","has-post-thumbnail","hentry","category-blog","tag-facebook","tag-gasztroblog","tag-gasztroblogger","tag-gif","tag-instagram","tag-kovaszolas","tag-kovasztunder-2","tag-kovasztunder","tag-matrica","tag-mutasdmegteis","tag-mutimitsutottel","tag-oszdmeg","tag-recept","tag-tiktok"],"yoast_head":"<!-- This site is optimized with the Yoast SEO Premium plugin v24.4 (Yoast SEO v27.3) - https:\/\/yoast.com\/product\/yoast-seo-premium-wordpress\/ -->\n<title>Meg\u00e9rkeztek a Kov\u00e1szT\u00fcnd\u00e9r matric\u00e1k! \u00cdgy tedd m\u00e9g egyedibb\u00e9 a sztorijaidat! - Kov\u00e1szT\u00fcnd\u00e9r<\/title>\n<meta name=\"robots\" content=\"index, follow, max-snippet:-1, max-image-preview:large, max-video-preview:-1\" \/>\n<link rel=\"canonical\" href=\"https:\/\/www.kovasztunder.hu\/en\/create-your-own-stories-with-covastunder-stickers\" \/>\n<meta property=\"og:locale\" content=\"en_US\" \/>\n<meta property=\"og:type\" content=\"article\" \/>\n<meta property=\"og:title\" content=\"Meg\u00e9rkeztek a Kov\u00e1szT\u00fcnd\u00e9r matric\u00e1k! \u00cdgy tedd m\u00e9g egyedibb\u00e9 a sztorijaidat!\" \/>\n<meta property=\"og:description\" content=\"Sziasztok, Kedves Kov\u00e1szol\u00f3k! Mindig hatalmas \u00f6r\u00f6m sz\u00e1momra, amikor megjel\u00f6lt\u00f6k Instagramon vagy Facebookon, \u00e9s l\u00e1tom, milyen csod\u00e1s kenyerek, kal\u00e1csok \u00e9s p\u00e9ks\u00fctem\u00e9nyek ker\u00fclnek ki a kezeitek k\u00f6z\u00fcl a receptjeim alapj\u00e1n. Ilyenkor \u00e9rzem igaz\u00e1n, hogy ez egy val\u00f3di k\u00f6z\u00f6ss\u00e9g! \u2764\ufe0f R\u00e9g\u00f3ta szerettem volna, ha ezeket a pillanatokat m\u00e9g szem\u00e9lyesebb\u00e9 tehetn\u00e9nk. Ha a b\u00fcszkes\u00e9getek mell\u00e9 oda tudn\u00e1tok biggyeszteni egy ...\" \/>\n<meta property=\"og:url\" content=\"https:\/\/www.kovasztunder.hu\/en\/create-your-own-stories-with-covastunder-stickers\" \/>\n<meta property=\"og:site_name\" content=\"Kov\u00e1szT\u00fcnd\u00e9r\" \/>\n<meta property=\"article:published_time\" content=\"2026-01-15T05:28:20+00:00\" \/>\n<meta property=\"article:modified_time\" content=\"2026-01-15T06:14:58+00:00\" \/>\n<meta property=\"og:image\" content=\"https:\/\/www.kovasztunder.hu\/wp-content\/uploads\/2026\/01\/GIFKOLLEKCIO-2.jpg\" \/>\n\t<meta property=\"og:image:width\" content=\"1300\" \/>\n\t<meta property=\"og:image:height\" content=\"1950\" \/>\n\t<meta property=\"og:image:type\" content=\"image\/jpeg\" \/>\n<meta name=\"author\" content=\"Bianka a Kov\u00e1szT\u00fcnd\u00e9r\" \/>\n<meta name=\"twitter:card\" content=\"summary_large_image\" \/>\n<meta name=\"twitter:label1\" content=\"Written by\" \/>\n\t<meta name=\"twitter:data1\" content=\"Bianka a Kov\u00e1szT\u00fcnd\u00e9r\" \/>\n\t<meta name=\"twitter:label2\" content=\"Est. reading time\" \/>\n\t<meta name=\"twitter:data2\" content=\"2 minutes\" \/>\n<script type=\"application\/ld+json\" class=\"yoast-schema-graph\">{\"@context\":\"https:\\\/\\\/schema.org\",\"@graph\":[{\"@type\":\"Article\",\"@id\":\"https:\\\/\\\/www.kovasztunder.hu\\\/megerkeztek-a-kovasztunder-matricak-igy-tedd-meg-egyedibbe-a-sztorijaidat#article\",\"isPartOf\":{\"@id\":\"https:\\\/\\\/www.kovasztunder.hu\\\/megerkeztek-a-kovasztunder-matricak-igy-tedd-meg-egyedibbe-a-sztorijaidat\"},\"author\":{\"name\":\"Bianka a Kov\u00e1szT\u00fcnd\u00e9r\",\"@id\":\"https:\\\/\\\/www.kovasztunder.hu\\\/#\\\/schema\\\/person\\\/4a2dcc8610a0d167751432bdfee1543e\"},\"headline\":\"Meg\u00e9rkeztek a Kov\u00e1szT\u00fcnd\u00e9r matric\u00e1k! \u00cdgy tedd m\u00e9g egyedibb\u00e9 a sztorijaidat!\",\"datePublished\":\"2026-01-15T05:28:20+00:00\",\"dateModified\":\"2026-01-15T06:14:58+00:00\",\"mainEntityOfPage\":{\"@id\":\"https:\\\/\\\/www.kovasztunder.hu\\\/megerkeztek-a-kovasztunder-matricak-igy-tedd-meg-egyedibbe-a-sztorijaidat\"},\"wordCount\":390,\"commentCount\":0,\"publisher\":{\"@id\":\"https:\\\/\\\/www.kovasztunder.hu\\\/#organization\"},\"image\":{\"@id\":\"https:\\\/\\\/www.kovasztunder.hu\\\/megerkeztek-a-kovasztunder-matricak-igy-tedd-meg-egyedibbe-a-sztorijaidat#primaryimage\"},\"thumbnailUrl\":\"https:\\\/\\\/www.kovasztunder.hu\\\/wp-content\\\/uploads\\\/2026\\\/01\\\/GIFKOLLEKCIO-2.jpg\",\"keywords\":[\"facebook\",\"gasztroblog\",\"gasztroblogger\",\"GIF\",\"instagram\",\"kov\u00e1szol\u00e1s\",\"kov\u00e1szt\u00fcnd\u00e9r\",\"kovasztunder\",\"matrica\",\"mutasdmegteis\",\"mutimits\u00fct\u00f6tt\u00e9l\",\"oszdmeg\",\"recept\",\"tiktok\"],\"articleSection\":[\"Blog\"],\"inLanguage\":\"en-US\",\"potentialAction\":[{\"@type\":\"CommentAction\",\"name\":\"Comment\",\"target\":[\"https:\\\/\\\/www.kovasztunder.hu\\\/megerkeztek-a-kovasztunder-matricak-igy-tedd-meg-egyedibbe-a-sztorijaidat#respond\"]}]},{\"@type\":\"WebPage\",\"@id\":\"https:\\\/\\\/www.kovasztunder.hu\\\/megerkeztek-a-kovasztunder-matricak-igy-tedd-meg-egyedibbe-a-sztorijaidat\",\"url\":\"https:\\\/\\\/www.kovasztunder.hu\\\/megerkeztek-a-kovasztunder-matricak-igy-tedd-meg-egyedibbe-a-sztorijaidat\",\"name\":\"Meg\u00e9rkeztek a Kov\u00e1szT\u00fcnd\u00e9r matric\u00e1k! \u00cdgy tedd m\u00e9g egyedibb\u00e9 a sztorijaidat! - Kov\u00e1szT\u00fcnd\u00e9r\",\"isPartOf\":{\"@id\":\"https:\\\/\\\/www.kovasztunder.hu\\\/#website\"},\"primaryImageOfPage\":{\"@id\":\"https:\\\/\\\/www.kovasztunder.hu\\\/megerkeztek-a-kovasztunder-matricak-igy-tedd-meg-egyedibbe-a-sztorijaidat#primaryimage\"},\"image\":{\"@id\":\"https:\\\/\\\/www.kovasztunder.hu\\\/megerkeztek-a-kovasztunder-matricak-igy-tedd-meg-egyedibbe-a-sztorijaidat#primaryimage\"},\"thumbnailUrl\":\"https:\\\/\\\/www.kovasztunder.hu\\\/wp-content\\\/uploads\\\/2026\\\/01\\\/GIFKOLLEKCIO-2.jpg\",\"datePublished\":\"2026-01-15T05:28:20+00:00\",\"dateModified\":\"2026-01-15T06:14:58+00:00\",\"breadcrumb\":{\"@id\":\"https:\\\/\\\/www.kovasztunder.hu\\\/megerkeztek-a-kovasztunder-matricak-igy-tedd-meg-egyedibbe-a-sztorijaidat#breadcrumb\"},\"inLanguage\":\"en-US\",\"potentialAction\":[{\"@type\":\"ReadAction\",\"target\":[\"https:\\\/\\\/www.kovasztunder.hu\\\/megerkeztek-a-kovasztunder-matricak-igy-tedd-meg-egyedibbe-a-sztorijaidat\"]}]},{\"@type\":\"ImageObject\",\"inLanguage\":\"en-US\",\"@id\":\"https:\\\/\\\/www.kovasztunder.hu\\\/megerkeztek-a-kovasztunder-matricak-igy-tedd-meg-egyedibbe-a-sztorijaidat#primaryimage\",\"url\":\"https:\\\/\\\/www.kovasztunder.hu\\\/wp-content\\\/uploads\\\/2026\\\/01\\\/GIFKOLLEKCIO-2.jpg\",\"contentUrl\":\"https:\\\/\\\/www.kovasztunder.hu\\\/wp-content\\\/uploads\\\/2026\\\/01\\\/GIFKOLLEKCIO-2.jpg\",\"width\":1300,\"height\":1950},{\"@type\":\"BreadcrumbList\",\"@id\":\"https:\\\/\\\/www.kovasztunder.hu\\\/megerkeztek-a-kovasztunder-matricak-igy-tedd-meg-egyedibbe-a-sztorijaidat#breadcrumb\",\"itemListElement\":[{\"@type\":\"ListItem\",\"position\":1,\"name\":\"Home\",\"item\":\"https:\\\/\\\/www.kovasztunder.hu\\\/\"},{\"@type\":\"ListItem\",\"position\":2,\"name\":\"Meg\u00e9rkeztek a Kov\u00e1szT\u00fcnd\u00e9r matric\u00e1k! \u00cdgy tedd m\u00e9g egyedibb\u00e9 a sztorijaidat!\"}]},{\"@type\":\"WebSite\",\"@id\":\"https:\\\/\\\/www.kovasztunder.hu\\\/#website\",\"url\":\"https:\\\/\\\/www.kovasztunder.hu\\\/\",\"name\":\"Kov\u00e1szT\u00fcnd\u00e9r\",\"description\":\"A kov\u00e1sz legyen veletek!\",\"publisher\":{\"@id\":\"https:\\\/\\\/www.kovasztunder.hu\\\/#organization\"},\"potentialAction\":[{\"@type\":\"SearchAction\",\"target\":{\"@type\":\"EntryPoint\",\"urlTemplate\":\"https:\\\/\\\/www.kovasztunder.hu\\\/?s={search_term_string}\"},\"query-input\":{\"@type\":\"PropertyValueSpecification\",\"valueRequired\":true,\"valueName\":\"search_term_string\"}}],\"inLanguage\":\"en-US\"},{\"@type\":\"Organization\",\"@id\":\"https:\\\/\\\/www.kovasztunder.hu\\\/#organization\",\"name\":\"Kov\u00e1szT\u00fcnd\u00e9r\",\"url\":\"https:\\\/\\\/www.kovasztunder.hu\\\/\",\"logo\":{\"@type\":\"ImageObject\",\"inLanguage\":\"en-US\",\"@id\":\"https:\\\/\\\/www.kovasztunder.hu\\\/#\\\/schema\\\/logo\\\/image\\\/\",\"url\":\"https:\\\/\\\/www.kovasztunder.hu\\\/wp-content\\\/uploads\\\/2023\\\/02\\\/kovasztunder_logo.png\",\"contentUrl\":\"https:\\\/\\\/www.kovasztunder.hu\\\/wp-content\\\/uploads\\\/2023\\\/02\\\/kovasztunder_logo.png\",\"width\":1638,\"height\":487,\"caption\":\"Kov\u00e1szT\u00fcnd\u00e9r\"},\"image\":{\"@id\":\"https:\\\/\\\/www.kovasztunder.hu\\\/#\\\/schema\\\/logo\\\/image\\\/\"},\"sameAs\":[\"https:\\\/\\\/www.youtube.com\\\/@kovasztunder\",\"https:\\\/\\\/www.instagram.com\\\/kovasztunder\\\/\"]},{\"@type\":\"Person\",\"@id\":\"https:\\\/\\\/www.kovasztunder.hu\\\/#\\\/schema\\\/person\\\/4a2dcc8610a0d167751432bdfee1543e\",\"name\":\"Bianka a Kov\u00e1szT\u00fcnd\u00e9r\",\"image\":{\"@type\":\"ImageObject\",\"inLanguage\":\"en-US\",\"@id\":\"https:\\\/\\\/www.kovasztunder.hu\\\/wp-content\\\/uploads\\\/2025\\\/02\\\/cropped-IMG_9047.JPG-scaled-1-96x96.jpeg\",\"url\":\"https:\\\/\\\/www.kovasztunder.hu\\\/wp-content\\\/uploads\\\/2025\\\/02\\\/cropped-IMG_9047.JPG-scaled-1-96x96.jpeg\",\"contentUrl\":\"https:\\\/\\\/www.kovasztunder.hu\\\/wp-content\\\/uploads\\\/2025\\\/02\\\/cropped-IMG_9047.JPG-scaled-1-96x96.jpeg\",\"caption\":\"Bianka a Kov\u00e1szT\u00fcnd\u00e9r\"},\"url\":\"https:\\\/\\\/www.kovasztunder.hu\\\/en\\\/author\\\/bianka\"}]}<\/script>\n<!-- \/ Yoast SEO Premium plugin. -->","yoast_head_json":{"title":"The Sausage Fairy stickers have arrived! How to make your stories even more unique! - Sausage Fairy","robots":{"index":"index","follow":"follow","max-snippet":"max-snippet:-1","max-image-preview":"max-image-preview:large","max-video-preview":"max-video-preview:-1"},"canonical":"https:\/\/www.kovasztunder.hu\/en\/create-your-own-stories-with-covastunder-stickers","og_locale":"en_US","og_type":"article","og_title":"Meg\u00e9rkeztek a Kov\u00e1szT\u00fcnd\u00e9r matric\u00e1k! \u00cdgy tedd m\u00e9g egyedibb\u00e9 a sztorijaidat!","og_description":"Sziasztok, Kedves Kov\u00e1szol\u00f3k! Mindig hatalmas \u00f6r\u00f6m sz\u00e1momra, amikor megjel\u00f6lt\u00f6k Instagramon vagy Facebookon, \u00e9s l\u00e1tom, milyen csod\u00e1s kenyerek, kal\u00e1csok \u00e9s p\u00e9ks\u00fctem\u00e9nyek ker\u00fclnek ki a kezeitek k\u00f6z\u00fcl a receptjeim alapj\u00e1n. Ilyenkor \u00e9rzem igaz\u00e1n, hogy ez egy val\u00f3di k\u00f6z\u00f6ss\u00e9g! \u2764\ufe0f R\u00e9g\u00f3ta szerettem volna, ha ezeket a pillanatokat m\u00e9g szem\u00e9lyesebb\u00e9 tehetn\u00e9nk. Ha a b\u00fcszkes\u00e9getek mell\u00e9 oda tudn\u00e1tok biggyeszteni egy ...","og_url":"https:\/\/www.kovasztunder.hu\/en\/create-your-own-stories-with-covastunder-stickers","og_site_name":"Kov\u00e1szT\u00fcnd\u00e9r","article_published_time":"2026-01-15T05:28:20+00:00","article_modified_time":"2026-01-15T06:14:58+00:00","og_image":[{"width":1300,"height":1950,"url":"https:\/\/www.kovasztunder.hu\/wp-content\/uploads\/2026\/01\/GIFKOLLEKCIO-2.jpg","type":"image\/jpeg"}],"author":"Bianka a Kov\u00e1szT\u00fcnd\u00e9r","twitter_card":"summary_large_image","twitter_misc":{"Written by":"Bianka a Kov\u00e1szT\u00fcnd\u00e9r","Est. reading time":"2 minutes"},"schema":{"@context":"https:\/\/schema.org","@graph":[{"@type":"Article","@id":"https:\/\/www.kovasztunder.hu\/megerkeztek-a-kovasztunder-matricak-igy-tedd-meg-egyedibbe-a-sztorijaidat#article","isPartOf":{"@id":"https:\/\/www.kovasztunder.hu\/megerkeztek-a-kovasztunder-matricak-igy-tedd-meg-egyedibbe-a-sztorijaidat"},"author":{"name":"Bianka a Kov\u00e1szT\u00fcnd\u00e9r","@id":"https:\/\/www.kovasztunder.hu\/#\/schema\/person\/4a2dcc8610a0d167751432bdfee1543e"},"headline":"Meg\u00e9rkeztek a Kov\u00e1szT\u00fcnd\u00e9r matric\u00e1k! \u00cdgy tedd m\u00e9g egyedibb\u00e9 a sztorijaidat!","datePublished":"2026-01-15T05:28:20+00:00","dateModified":"2026-01-15T06:14:58+00:00","mainEntityOfPage":{"@id":"https:\/\/www.kovasztunder.hu\/megerkeztek-a-kovasztunder-matricak-igy-tedd-meg-egyedibbe-a-sztorijaidat"},"wordCount":390,"commentCount":0,"publisher":{"@id":"https:\/\/www.kovasztunder.hu\/#organization"},"image":{"@id":"https:\/\/www.kovasztunder.hu\/megerkeztek-a-kovasztunder-matricak-igy-tedd-meg-egyedibbe-a-sztorijaidat#primaryimage"},"thumbnailUrl":"https:\/\/www.kovasztunder.hu\/wp-content\/uploads\/2026\/01\/GIFKOLLEKCIO-2.jpg","keywords":["facebook","gasztroblog","gasztroblogger","GIF","instagram","kov\u00e1szol\u00e1s","kov\u00e1szt\u00fcnd\u00e9r","kovasztunder","matrica","mutasdmegteis","mutimits\u00fct\u00f6tt\u00e9l","oszdmeg","recept","tiktok"],"articleSection":["Blog"],"inLanguage":"en-US","potentialAction":[{"@type":"CommentAction","name":"Comment","target":["https:\/\/www.kovasztunder.hu\/megerkeztek-a-kovasztunder-matricak-igy-tedd-meg-egyedibbe-a-sztorijaidat#respond"]}]},{"@type":"WebPage","@id":"https:\/\/www.kovasztunder.hu\/megerkeztek-a-kovasztunder-matricak-igy-tedd-meg-egyedibbe-a-sztorijaidat","url":"https:\/\/www.kovasztunder.hu\/megerkeztek-a-kovasztunder-matricak-igy-tedd-meg-egyedibbe-a-sztorijaidat","name":"The Sausage Fairy stickers have arrived! How to make your stories even more unique! - Sausage Fairy","isPartOf":{"@id":"https:\/\/www.kovasztunder.hu\/#website"},"primaryImageOfPage":{"@id":"https:\/\/www.kovasztunder.hu\/megerkeztek-a-kovasztunder-matricak-igy-tedd-meg-egyedibbe-a-sztorijaidat#primaryimage"},"image":{"@id":"https:\/\/www.kovasztunder.hu\/megerkeztek-a-kovasztunder-matricak-igy-tedd-meg-egyedibbe-a-sztorijaidat#primaryimage"},"thumbnailUrl":"https:\/\/www.kovasztunder.hu\/wp-content\/uploads\/2026\/01\/GIFKOLLEKCIO-2.jpg","datePublished":"2026-01-15T05:28:20+00:00","dateModified":"2026-01-15T06:14:58+00:00","breadcrumb":{"@id":"https:\/\/www.kovasztunder.hu\/megerkeztek-a-kovasztunder-matricak-igy-tedd-meg-egyedibbe-a-sztorijaidat#breadcrumb"},"inLanguage":"en-US","potentialAction":[{"@type":"ReadAction","target":["https:\/\/www.kovasztunder.hu\/megerkeztek-a-kovasztunder-matricak-igy-tedd-meg-egyedibbe-a-sztorijaidat"]}]},{"@type":"ImageObject","inLanguage":"en-US","@id":"https:\/\/www.kovasztunder.hu\/megerkeztek-a-kovasztunder-matricak-igy-tedd-meg-egyedibbe-a-sztorijaidat#primaryimage","url":"https:\/\/www.kovasztunder.hu\/wp-content\/uploads\/2026\/01\/GIFKOLLEKCIO-2.jpg","contentUrl":"https:\/\/www.kovasztunder.hu\/wp-content\/uploads\/2026\/01\/GIFKOLLEKCIO-2.jpg","width":1300,"height":1950},{"@type":"BreadcrumbList","@id":"https:\/\/www.kovasztunder.hu\/megerkeztek-a-kovasztunder-matricak-igy-tedd-meg-egyedibbe-a-sztorijaidat#breadcrumb","itemListElement":[{"@type":"ListItem","position":1,"name":"Home","item":"https:\/\/www.kovasztunder.hu\/"},{"@type":"ListItem","position":2,"name":"Meg\u00e9rkeztek a Kov\u00e1szT\u00fcnd\u00e9r matric\u00e1k! \u00cdgy tedd m\u00e9g egyedibb\u00e9 a sztorijaidat!"}]},{"@type":"WebSite","@id":"https:\/\/www.kovasztunder.hu\/#website","url":"https:\/\/www.kovasztunder.hu\/","name":"Cottage Fairy","description":"May the sourdough be with you!","publisher":{"@id":"https:\/\/www.kovasztunder.hu\/#organization"},"potentialAction":[{"@type":"SearchAction","target":{"@type":"EntryPoint","urlTemplate":"https:\/\/www.kovasztunder.hu\/?s={search_term_string}"},"query-input":{"@type":"PropertyValueSpecification","valueRequired":true,"valueName":"search_term_string"}}],"inLanguage":"en-US"},{"@type":"Organization","@id":"https:\/\/www.kovasztunder.hu\/#organization","name":"Cottage Fairy","url":"https:\/\/www.kovasztunder.hu\/","logo":{"@type":"ImageObject","inLanguage":"en-US","@id":"https:\/\/www.kovasztunder.hu\/#\/schema\/logo\/image\/","url":"https:\/\/www.kovasztunder.hu\/wp-content\/uploads\/2023\/02\/kovasztunder_logo.png","contentUrl":"https:\/\/www.kovasztunder.hu\/wp-content\/uploads\/2023\/02\/kovasztunder_logo.png","width":1638,"height":487,"caption":"Kov\u00e1szT\u00fcnd\u00e9r"},"image":{"@id":"https:\/\/www.kovasztunder.hu\/#\/schema\/logo\/image\/"},"sameAs":["https:\/\/www.youtube.com\/@kovasztunder","https:\/\/www.instagram.com\/kovasztunder\/"]},{"@type":"Person","@id":"https:\/\/www.kovasztunder.hu\/#\/schema\/person\/4a2dcc8610a0d167751432bdfee1543e","name":"Bianka the Sausage Fairy","image":{"@type":"ImageObject","inLanguage":"en-US","@id":"https:\/\/www.kovasztunder.hu\/wp-content\/uploads\/2025\/02\/cropped-IMG_9047.JPG-scaled-1-96x96.jpeg","url":"https:\/\/www.kovasztunder.hu\/wp-content\/uploads\/2025\/02\/cropped-IMG_9047.JPG-scaled-1-96x96.jpeg","contentUrl":"https:\/\/www.kovasztunder.hu\/wp-content\/uploads\/2025\/02\/cropped-IMG_9047.JPG-scaled-1-96x96.jpeg","caption":"Bianka a Kov\u00e1szT\u00fcnd\u00e9r"},"url":"https:\/\/www.kovasztunder.hu\/en\/author\/bianka"}]}},"_links":{"self":[{"href":"https:\/\/www.kovasztunder.hu\/en\/wp-json\/wp\/v2\/posts\/7177","targetHints":{"allow":["GET"]}}],"collection":[{"href":"https:\/\/www.kovasztunder.hu\/en\/wp-json\/wp\/v2\/posts"}],"about":[{"href":"https:\/\/www.kovasztunder.hu\/en\/wp-json\/wp\/v2\/types\/post"}],"author":[{"embeddable":true,"href":"https:\/\/www.kovasztunder.hu\/en\/wp-json\/wp\/v2\/users\/2"}],"replies":[{"embeddable":true,"href":"https:\/\/www.kovasztunder.hu\/en\/wp-json\/wp\/v2\/comments?post=7177"}],"version-history":[{"count":0,"href":"https:\/\/www.kovasztunder.hu\/en\/wp-json\/wp\/v2\/posts\/7177\/revisions"}],"wp:featuredmedia":[{"embeddable":true,"href":"https:\/\/www.kovasztunder.hu\/en\/wp-json\/wp\/v2\/media\/7178"}],"wp:attachment":[{"href":"https:\/\/www.kovasztunder.hu\/en\/wp-json\/wp\/v2\/media?parent=7177"}],"wp:term":[{"taxonomy":"category","embeddable":true,"href":"https:\/\/www.kovasztunder.hu\/en\/wp-json\/wp\/v2\/categories?post=7177"},{"taxonomy":"post_tag","embeddable":true,"href":"https:\/\/www.kovasztunder.hu\/en\/wp-json\/wp\/v2\/tags?post=7177"}],"curies":[{"name":"wp","href":"https:\/\/api.w.org\/{rel}","templated":true}]}}